{"id":4404,"date":"2019-04-19T23:26:07","date_gmt":"2019-04-19T21:26:07","guid":{"rendered":"https:\/\/www.eeaissy.com\/wp\/?p=4404"},"modified":"2019-04-21T17:47:41","modified_gmt":"2019-04-21T15:47:41","slug":"message-du-14-04-2019-tous-les-disciples-remplis-de-joie","status":"publish","type":"post","link":"https:\/\/www.eeaissy.com\/wp\/message-du-14-04-2019-tous-les-disciples-remplis-de-joie\/","title":{"rendered":"Message du 14\/04\/2019 &#8211; Tous les disciples, remplis de joie &#8230;"},"content":{"rendered":"<p><strong><em><img class=\"lazyload alignnone size-medium wp-image-4405 aligncenter\" src=\"data:image\/svg+xml,%3Csvg%20xmlns%3D%27http%3A%2F%2Fwww.w3.org%2F2000%2Fsvg%27%20width%3D%27300%27%20height%3D%27225%27%20viewBox%3D%270%200%20300%20225%27%3E%3Crect%20width%3D%27300%27%20height%3D%27225%27%20fill-opacity%3D%220%22%2F%3E%3C%2Fsvg%3E\" data-orig-src=\"https:\/\/www.eeaissy.com\/wp\/wp-content\/uploads\/2019\/04\/rameaux1-300x225.jpg\" alt=\"\" width=\"300\" height=\"225\" \/>Lecture\u00a0: Es. 50. 4 \u00e0 7 \/ Luc 19. 28 \u00e0 40<\/em><\/strong><\/p>\n<h3 style=\"text-align: center;\"><strong><em>\u00ab\u00a0Tous les disciples, remplis de joie, se mirent \u00e0 louer Dieu \u00e0 pleine voix\u00a0\u00bb<\/em><\/strong><\/h3>\n<p><span class=\"fusion-dropcap dropcap dropcap-boxed\">C<\/span>\u2019est aujourd\u2019hui la journ\u00e9e des Rameaux, un jour de joie, de louanges, d\u2019adoration. C\u2019est une journ\u00e9e qui marque l\u2019entr\u00e9e dans la semaine sainte. A l\u2019image de J\u00e9sus entrant \u00e0 J\u00e9rusalem, la f\u00eate des Rameaux nous invite \u00e0 entrer avec joie dans cette semaine Sainte. M\u00eame si tout n\u2019est pas joyeux autour de nous, derri\u00e8re ou devant nous. La joie est une force disait N\u00e9h\u00e9mie au peuple d\u2019Isra\u00ebl au retour de l\u2019exil\u00a0: <strong><em>\u00ab\u00a0La joie du Seigneur sera votre force\u00a0\u00bb<\/em><\/strong> (N\u00e9h. 8. 10). Certes, il ne s\u2019agit pas ici d\u2019entrer dans une sorte de d\u00e9ni de nos \u00e9preuves, des malheurs de ce du monde qui nous entoure. Il s\u2019agit pour nous ce matin de nous r\u00e9jouir de la gr\u00e2ce de Dieu en J\u00e9sus, du royaume qui vient, qui a \u00e9t\u00e9 pr\u00e9par\u00e9 pour nous. Nous r\u00e9jouir du roi que nous attendons, qui viendra un jour dans une gloire sans commune mesure avec celle de cette entr\u00e9e \u00e0 J\u00e9rusalem. La journ\u00e9e des Rameaux nous invite \u00e0 nous mettre \u00e0 l\u2019\u00e9coute de Dieu comme le rappelle le proph\u00e8te Esa\u00efe. <strong><em>\u00ab\u00a0Matin apr\u00e8s matin, il me fait dresser l\u2019oreille pour que j\u2019\u00e9coute, comme les disciples\u00a0\u00bb<\/em><\/strong> (Es. 50. 4)<\/p>\n<p><strong><em>1\u00b0) Le Seigneur m\u2019a donn\u00e9\u2026\u00a0\u00bb<\/em><\/strong><\/p>\n<p>Certes ce texte d\u2019Esa\u00efe parle du Messie, de son \u0153uvre, de son attention envers les plus faibles, de ses souffrances et de sa r\u00e9sistance aux souffrances. Il annonce ce que le Messie allait endurer par amour pour nous. Son courage, sa force, sa d\u00e9termination \u00e0 rester fid\u00e8le \u00e0 sa mission. Mais ce texte s\u2019adresse aussi dans une certaine mesure \u00e0 ceux qui ont accept\u00e9 ce Messie. A ceux qui vivent en communion avec lui par le Saint Esprit et qui le suivent. En J\u00e9sus, il nous est donn\u00e9 d\u2019entendre la voix de Dieu, chaque matin. De l\u2019\u00e9couter, pas pour nous seulement, mais pour encourager les autres, soulager les autres, ceux qui souffrent autour de nous. Ces paroles nous invitent \u00e9galement \u00e0 suivre le Messie sur ce chemin d\u2019humilit\u00e9, du refus de r\u00e9pondre aux agressions par l\u2019agression, \u00e0 la violence par la violence\u00a0; \u00e0 le suivre sur ce chemin de paix, d\u2019abn\u00e9gation, de r\u00e9sistance au mal et \u00e0 la vengeance. Ces paroles nous invitent \u00e0 laisser de c\u00f4t\u00e9 nos ranc\u0153urs, nos r\u00e9voltes, nos amertumes\u2026 C\u2019est l\u00e0 que, selon sa promesse, le Seigneur nous vient en aide et nous donne cette force comme il l\u2019a donn\u00e9e \u00e0 son Messie. La foi en J\u00e9sus est une v\u00e9ritable force, une puissance d\u2019amour et de paix. Pour l\u2019exp\u00e9rimenter, il suffit de croire et d\u2019ob\u00e9ir. <em>\u00ab\u00a0Croire, c\u2019est regarder\u00a0; c\u2019est un regard attentif, s\u00e9rieux et prolong\u00e9. Un regard plus simple que celui de l\u2019observation, un regard et rien de plus\u00a0: regard d\u2019enfant, regard o\u00f9 toute l\u2019\u00e2me se porte\u00a0\u00bb<\/em> A. Vinet.<\/p>\n<p>Croire, c\u2019est regarder au Christ, regarder \u00e0 Celui qui vient, b\u00e9nir Celui qui vient, et le suivre.<\/p>\n<p><strong><em>2\u00b0) \u00ab\u00a0B\u00e9ni soit le Seigneur qui vient\u2026\u00a0\u00bb<\/em><\/strong><\/p>\n<p>En ce jour des Rameaux, nous sommes invit\u00e9s \u00e0 accueillir J\u00e9sus comme le Seigneur. A le remettre au centre de nos vies, si le temps et les circonstances l\u2019ont d\u00e9centr\u00e9. C\u2019est l\u00e0 que l\u2019on trouve alors des chemins tout trac\u00e9s. Comme le dit le Ps. 84.5\u00a0: <strong><em>\u00ab\u00a0Heureux ceux qui habitent ta maison, ils trouvent dans leur c\u0153ur des chemins tout trac\u00e9s\u00a0\u00bb.<\/em><\/strong> C\u2019est ce que les disciples ont exp\u00e9riment\u00e9 le jour des Rameaux. Ils se sont rendu compte \u00e0 quel point, J\u00e9sus connaissant toutes choses, avait tout pr\u00e9vu pour qu\u2019ils accomplissent leur mission. Ils ont vu que le Seigneur conna\u00eet toutes choses, dans les moindres d\u00e9tails. Qu\u2019il ne laisse rien au hasard. <strong><em>\u00ab\u00a0Allez\u2026 vous trouverez\u2026 si on vous dit\u2026 vous direz\u2026 et\u2026\u00a0\u00bb.<\/em><\/strong> C\u2019est une v\u00e9ritable feuille de route que J\u00e9sus leur donne, avec les moindres d\u00e9tails. Et tout se r\u00e9alise comme annonc\u00e9. Accueillir J\u00e9sus comme Seigneur et le suivre, c\u2019est entrer sur un chemin pr\u00e9par\u00e9, marcher sur un chemin que le Seigneur conna\u00eet d\u2019avance. Un chemin o\u00f9 toutes les \u00e9ventualit\u00e9s, les obstacles, sont pr\u00e9vus avec les r\u00e9ponses et les solutions appropri\u00e9es. Autant de choses que nous ne voyons pas, que nous ne connaissons pas mais que lui conna\u00eet. Suivre J\u00e9sus, c\u2019est vivre dans cette pleine ob\u00e9issance et cette pleine confiance. Sa Parole est pour nous une v\u00e9ritable feuille de route. Elle nous demande, lecture, m\u00e9ditation, r\u00e9flexion, pri\u00e8re et ob\u00e9issance. N\u2019h\u00e9sitons pas \u00e0 ob\u00e9ir, \u00e0 prendre le risque de l\u2019ob\u00e9issance m\u00eame si nous ne voyons pas la pertinence de ce qui nous est demand\u00e9 parfois. Aimer, pardonner, renoncer, s\u2019engager, servir\u2026 Avan\u00e7ons toujours sur ce chemin, il sera toujours f\u00e9cond et porteur de paix et de joie en J\u00e9sus.<\/p>\n<p><strong><em>3\u00b0) \u00ab\u00a0Ma\u00eetre, reprends tes disciples\u2026\u00a0\u00bb<\/em><\/strong><\/p>\n<p>Ce jour des Rameaux nous rappelle qu\u2019il existe des forces qui veulent faire taire la louange et la joie de l\u2019\u00e9glise. C\u2019est \u00e0 travers quelques pharisiens que le malin tente de le faire ici. C\u2019est ce qu\u2019il tente de faire aujourd\u2019hui encore de diverses mani\u00e8res. Dans certains pays du monde il incite les populations ou les gouvernements \u00e0 faire taire l\u2019\u00e9glise par la pers\u00e9cution. Mais elle ne se tait pas. Certains paient de leur vie leur fid\u00e9lit\u00e9 au Seigneur, d\u2019autres sont emprisonn\u00e9s, leurs familles menac\u00e9es. Ailleurs, le malin tente de faire taire la voix de l\u2019\u00e9glise en semant la division. Ailleurs encore il d\u00e9stabilise les enfants de Dieu par la maladie, les difficult\u00e9s, la ti\u00e9deur spirituelle, le p\u00e9ch\u00e9, les scandales\u2026 il s\u00e8me ses graines de discordes, de doutes, de r\u00e9voltes, de vengeance, d\u2019amertume, \u2026 et parfois on l\u2019aide bien\u00a0!<\/p>\n<p><strong><em>\u00ab\u00a0Si eux se taisent, ce sont les pierres qui crieront\u2026\u00a0\u00bb<\/em><\/strong><\/p>\n<p>J\u00e9sus ne se laisse pas impressionner. Il a de la r\u00e9partie\u00a0! Alors que jusque-l\u00e0 il plaidait plut\u00f4t pour la discr\u00e9tion, le refus des acclamations, ici, il laisse libre court \u00e0 la joie de la foule. Le temps est venu de se faire conna\u00eetre ouvertement et d\u2019accomplir les proph\u00e9ties. C\u2019est le temps de crier\u00a0: <strong><em>\u00ab\u00a0B\u00e9ni soit celui qui vient, le roi, au nom du Seigneur\u00a0!\u00a0\u00bb<\/em><\/strong>. C\u2019est le temps pour nous aussi de b\u00e9nir celui qui a donn\u00e9 sa vie pour nous et nous a sauv\u00e9s pour l\u2019\u00e9ternit\u00e9. Il est le roi qui vient, celui que nous attendons.<\/p>\n<p>Ne taisons pas notre foi, notre t\u00e9moignage, notre joie comme notre pri\u00e8re. Ne laissons pas ce privil\u00e8ge aux pierres\u00a0! C\u2019est peut-\u00eatre parce que nous nous taisons que l\u2019on voit fleurir un peu partout actuellement sur les murs\u00a0: \u00ab\u00a0J\u00e9sus sauve\u00a0\u00bb. Les pierres crient l\u2019\u00e9vangile\u00a0!<\/p>\n<p>Conclusion\u00a0:<\/p>\n<h3 style=\"text-align: center;\"><strong><em>\u00ab\u00a0Tous les disciples, remplis de joie, se mirent \u00e0 louer Dieu \u00e0 pleine voix\u00a0\u00bb.\u00a0<\/em><\/strong><\/h3>\n<p>La journ\u00e9e des Rameaux nous invite \u00e0 nous r\u00e9jouir en esp\u00e9rance du royaume qui vient. Elle nous invite \u00e0 accueillir J\u00e9sus comme le roi des rois, le Seigneur des Seigneurs. Elle nous invite \u00e0 porter nos regards sur celui qui r\u00e8gne pour les si\u00e8cles des si\u00e8cles, et \u00e0 d\u00e9poser \u00e0 ses pieds nos vies, nos fardeaux, nos fatigues, nos r\u00e9voltes, nos d\u00e9couragements, nos peurs, nos craintes\u2026 Car il a re\u00e7u tout pouvoir dans le ciel et sur la terre. Il conna\u00eet toutes choses, ob\u00e9issons-lui toujours. Avec lui, le chemin est s\u00fbr, soyons en les t\u00e9moins.<\/p>\n<p>Pasteur Jo\u00ebl Mika\u00e9lian<\/p>\n<p>14\/04\/19<\/p>\n","protected":false},"excerpt":{"rendered":"<p>Lecture\u00a0: Es. 50. 4 \u00e0 7 \/ Luc 19. 28 \u00e0 40 \u00ab\u00a0Tous les disciples, remplis de joie, se mirent \u00e0 louer Dieu \u00e0 pleine voix\u00a0\u00bb \u2019est aujourd\u2019hui la journ\u00e9e des Rameaux, un jour de joie, de louanges, d\u2019adoration. C\u2019est une journ\u00e9e qui marque l\u2019entr\u00e9e dans la semaine sainte. A l\u2019image de J\u00e9sus entrant \u00e0 J\u00e9rusalem, la f\u00eate des Rameaux nous<\/p>\n","protected":false},"author":4,"featured_media":4405,"comment_status":"open","ping_status":"open","sticky":false,"template":"","format":"standard","meta":{"_monsterinsights_skip_tracking":false,"_monsterinsights_sitenote_active":false,"_monsterinsights_sitenote_note":"","_monsterinsights_sitenote_category":0,"spay_email":""},"categories":[56],"tags":[],"yoast_head":"<!-- This site is optimized with the Yoast SEO plugin v17.8 - https:\/\/yoast.com\/wordpress\/plugins\/seo\/ -->\n<title>Message du 14\/04\/2019 - Tous les disciples, remplis de joie ... - Eglise Evang\u00e9lique Arm\u00e9nienne d&#039;Issy-les-Moulineaux<\/title>\n<meta name=\"robots\" content=\"index, follow, max-snippet:-1, max-image-preview:large, max-video-preview:-1\" \/>\n<link rel=\"canonical\" href=\"https:\/\/www.eeaissy.com\/wp\/message-du-14-04-2019-tous-les-disciples-remplis-de-joie\/\" \/>\n<meta property=\"og:locale\" content=\"fr_FR\" \/>\n<meta property=\"og:type\" content=\"article\" \/>\n<meta property=\"og:title\" content=\"Message du 14\/04\/2019 - Tous les disciples, remplis de joie ... - Eglise Evang\u00e9lique Arm\u00e9nienne d&#039;Issy-les-Moulineaux\" \/>\n<meta property=\"og:description\" content=\"Lecture\u00a0: Es. 50. 4 \u00e0 7 \/ Luc 19. 28 \u00e0 40 \u00ab\u00a0Tous les disciples, remplis de joie, se mirent \u00e0 louer Dieu \u00e0 pleine voix\u00a0\u00bb \u2019est aujourd\u2019hui la journ\u00e9e des Rameaux, un jour de joie, de louanges, d\u2019adoration. C\u2019est une journ\u00e9e qui marque l\u2019entr\u00e9e dans la semaine sainte. A l\u2019image de J\u00e9sus entrant \u00e0 J\u00e9rusalem, la f\u00eate des Rameaux nous\" \/>\n<meta property=\"og:url\" content=\"https:\/\/www.eeaissy.com\/wp\/message-du-14-04-2019-tous-les-disciples-remplis-de-joie\/\" \/>\n<meta property=\"og:site_name\" content=\"Eglise Evang\u00e9lique Arm\u00e9nienne d&#039;Issy-les-Moulineaux\" \/>\n<meta property=\"article:publisher\" content=\"https:\/\/www.facebook.com\/EEAISSY\/\" \/>\n<meta property=\"article:published_time\" content=\"2019-04-19T21:26:07+00:00\" \/>\n<meta property=\"article:modified_time\" content=\"2019-04-21T15:47:41+00:00\" \/>\n<meta property=\"og:image\" content=\"https:\/\/i0.wp.com\/www.eeaissy.com\/wp\/wp-content\/uploads\/2019\/04\/rameaux1-e1555714354333.jpg?fit=240%2C180&#038;ssl=1\" \/>\n\t<meta property=\"og:image:width\" content=\"240\" \/>\n\t<meta property=\"og:image:height\" content=\"180\" \/>\n<meta name=\"twitter:card\" content=\"summary_large_image\" \/>\n<meta name=\"twitter:label1\" content=\"\u00c9crit par\" \/>\n\t<meta name=\"twitter:data1\" content=\"Jacqueline\" \/>\n\t<meta name=\"twitter:label2\" content=\"Dur\u00e9e de lecture estim\u00e9e\" \/>\n\t<meta name=\"twitter:data2\" content=\"7 minutes\" \/>\n<script type=\"application\/ld+json\" class=\"yoast-schema-graph\">{\"@context\":\"https:\/\/schema.org\",\"@graph\":[{\"@type\":\"WebSite\",\"@id\":\"https:\/\/www.eeaissy.com\/wp\/#website\",\"url\":\"https:\/\/www.eeaissy.com\/wp\/\",\"name\":\"Eglise Evang\\u00e9lique Arm\\u00e9nienne d&#039;Issy-les-Moulineaux\",\"description\":\"Dieu Est Amour\",\"potentialAction\":[{\"@type\":\"SearchAction\",\"target\":{\"@type\":\"EntryPoint\",\"urlTemplate\":\"https:\/\/www.eeaissy.com\/wp\/?s={search_term_string}\"},\"query-input\":\"required name=search_term_string\"}],\"inLanguage\":\"fr-FR\"},{\"@type\":\"ImageObject\",\"@id\":\"https:\/\/www.eeaissy.com\/wp\/message-du-14-04-2019-tous-les-disciples-remplis-de-joie\/#primaryimage\",\"inLanguage\":\"fr-FR\",\"url\":\"https:\/\/i0.wp.com\/www.eeaissy.com\/wp\/wp-content\/uploads\/2019\/04\/rameaux1-e1555714354333.jpg?fit=240%2C180&ssl=1\",\"contentUrl\":\"https:\/\/i0.wp.com\/www.eeaissy.com\/wp\/wp-content\/uploads\/2019\/04\/rameaux1-e1555714354333.jpg?fit=240%2C180&ssl=1\",\"width\":240,\"height\":180},{\"@type\":\"WebPage\",\"@id\":\"https:\/\/www.eeaissy.com\/wp\/message-du-14-04-2019-tous-les-disciples-remplis-de-joie\/#webpage\",\"url\":\"https:\/\/www.eeaissy.com\/wp\/message-du-14-04-2019-tous-les-disciples-remplis-de-joie\/\",\"name\":\"Message du 14\/04\/2019 - Tous les disciples, remplis de joie ... - Eglise Evang\\u00e9lique Arm\\u00e9nienne d&#039;Issy-les-Moulineaux\",\"isPartOf\":{\"@id\":\"https:\/\/www.eeaissy.com\/wp\/#website\"},\"primaryImageOfPage\":{\"@id\":\"https:\/\/www.eeaissy.com\/wp\/message-du-14-04-2019-tous-les-disciples-remplis-de-joie\/#primaryimage\"},\"datePublished\":\"2019-04-19T21:26:07+00:00\",\"dateModified\":\"2019-04-21T15:47:41+00:00\",\"author\":{\"@id\":\"https:\/\/www.eeaissy.com\/wp\/#\/schema\/person\/c8a05b6212f790678acb4de318ad4ca1\"},\"breadcrumb\":{\"@id\":\"https:\/\/www.eeaissy.com\/wp\/message-du-14-04-2019-tous-les-disciples-remplis-de-joie\/#breadcrumb\"},\"inLanguage\":\"fr-FR\",\"potentialAction\":[{\"@type\":\"ReadAction\",\"target\":[\"https:\/\/www.eeaissy.com\/wp\/message-du-14-04-2019-tous-les-disciples-remplis-de-joie\/\"]}]},{\"@type\":\"BreadcrumbList\",\"@id\":\"https:\/\/www.eeaissy.com\/wp\/message-du-14-04-2019-tous-les-disciples-remplis-de-joie\/#breadcrumb\",\"itemListElement\":[{\"@type\":\"ListItem\",\"position\":1,\"name\":\"Accueil\",\"item\":\"https:\/\/www.eeaissy.com\/wp\/\"},{\"@type\":\"ListItem\",\"position\":2,\"name\":\"Message du 14\/04\/2019 &#8211; Tous les disciples, remplis de joie &#8230;\"}]},{\"@type\":\"Person\",\"@id\":\"https:\/\/www.eeaissy.com\/wp\/#\/schema\/person\/c8a05b6212f790678acb4de318ad4ca1\",\"name\":\"Jacqueline\",\"image\":{\"@type\":\"ImageObject\",\"@id\":\"https:\/\/www.eeaissy.com\/wp\/#personlogo\",\"inLanguage\":\"fr-FR\",\"url\":\"https:\/\/secure.gravatar.com\/avatar\/c4339ba443d8c68ebdfad58d0bbb4a99?s=96&d=mm&r=g\",\"contentUrl\":\"https:\/\/secure.gravatar.com\/avatar\/c4339ba443d8c68ebdfad58d0bbb4a99?s=96&d=mm&r=g\",\"caption\":\"Jacqueline\"},\"url\":\"https:\/\/www.eeaissy.com\/wp\/author\/jaslanian\/\"}]}<\/script>\n<!-- \/ Yoast SEO plugin. -->","yoast_head_json":{"title":"Message du 14\/04\/2019 - Tous les disciples, remplis de joie ... - Eglise Evang\u00e9lique Arm\u00e9nienne d&#039;Issy-les-Moulineaux","robots":{"index":"index","follow":"follow","max-snippet":"max-snippet:-1","max-image-preview":"max-image-preview:large","max-video-preview":"max-video-preview:-1"},"canonical":"https:\/\/www.eeaissy.com\/wp\/message-du-14-04-2019-tous-les-disciples-remplis-de-joie\/","og_locale":"fr_FR","og_type":"article","og_title":"Message du 14\/04\/2019 - Tous les disciples, remplis de joie ... - Eglise Evang\u00e9lique Arm\u00e9nienne d&#039;Issy-les-Moulineaux","og_description":"Lecture\u00a0: Es. 50. 4 \u00e0 7 \/ Luc 19. 28 \u00e0 40 \u00ab\u00a0Tous les disciples, remplis de joie, se mirent \u00e0 louer Dieu \u00e0 pleine voix\u00a0\u00bb \u2019est aujourd\u2019hui la journ\u00e9e des Rameaux, un jour de joie, de louanges, d\u2019adoration. C\u2019est une journ\u00e9e qui marque l\u2019entr\u00e9e dans la semaine sainte. A l\u2019image de J\u00e9sus entrant \u00e0 J\u00e9rusalem, la f\u00eate des Rameaux nous","og_url":"https:\/\/www.eeaissy.com\/wp\/message-du-14-04-2019-tous-les-disciples-remplis-de-joie\/","og_site_name":"Eglise Evang\u00e9lique Arm\u00e9nienne d&#039;Issy-les-Moulineaux","article_publisher":"https:\/\/www.facebook.com\/EEAISSY\/","article_published_time":"2019-04-19T21:26:07+00:00","article_modified_time":"2019-04-21T15:47:41+00:00","og_image":[{"width":240,"height":180,"url":"https:\/\/i0.wp.com\/www.eeaissy.com\/wp\/wp-content\/uploads\/2019\/04\/rameaux1-e1555714354333.jpg?fit=240%2C180&ssl=1","type":"image\/jpeg"}],"twitter_card":"summary_large_image","twitter_misc":{"\u00c9crit par":"Jacqueline","Dur\u00e9e de lecture estim\u00e9e":"7 minutes"},"schema":{"@context":"https:\/\/schema.org","@graph":[{"@type":"WebSite","@id":"https:\/\/www.eeaissy.com\/wp\/#website","url":"https:\/\/www.eeaissy.com\/wp\/","name":"Eglise Evang\u00e9lique Arm\u00e9nienne d&#039;Issy-les-Moulineaux","description":"Dieu Est Amour","potentialAction":[{"@type":"SearchAction","target":{"@type":"EntryPoint","urlTemplate":"https:\/\/www.eeaissy.com\/wp\/?s={search_term_string}"},"query-input":"required name=search_term_string"}],"inLanguage":"fr-FR"},{"@type":"ImageObject","@id":"https:\/\/www.eeaissy.com\/wp\/message-du-14-04-2019-tous-les-disciples-remplis-de-joie\/#primaryimage","inLanguage":"fr-FR","url":"https:\/\/i0.wp.com\/www.eeaissy.com\/wp\/wp-content\/uploads\/2019\/04\/rameaux1-e1555714354333.jpg?fit=240%2C180&ssl=1","contentUrl":"https:\/\/i0.wp.com\/www.eeaissy.com\/wp\/wp-content\/uploads\/2019\/04\/rameaux1-e1555714354333.jpg?fit=240%2C180&ssl=1","width":240,"height":180},{"@type":"WebPage","@id":"https:\/\/www.eeaissy.com\/wp\/message-du-14-04-2019-tous-les-disciples-remplis-de-joie\/#webpage","url":"https:\/\/www.eeaissy.com\/wp\/message-du-14-04-2019-tous-les-disciples-remplis-de-joie\/","name":"Message du 14\/04\/2019 - Tous les disciples, remplis de joie ... - Eglise Evang\u00e9lique Arm\u00e9nienne d&#039;Issy-les-Moulineaux","isPartOf":{"@id":"https:\/\/www.eeaissy.com\/wp\/#website"},"primaryImageOfPage":{"@id":"https:\/\/www.eeaissy.com\/wp\/message-du-14-04-2019-tous-les-disciples-remplis-de-joie\/#primaryimage"},"datePublished":"2019-04-19T21:26:07+00:00","dateModified":"2019-04-21T15:47:41+00:00","author":{"@id":"https:\/\/www.eeaissy.com\/wp\/#\/schema\/person\/c8a05b6212f790678acb4de318ad4ca1"},"breadcrumb":{"@id":"https:\/\/www.eeaissy.com\/wp\/message-du-14-04-2019-tous-les-disciples-remplis-de-joie\/#breadcrumb"},"inLanguage":"fr-FR","potentialAction":[{"@type":"ReadAction","target":["https:\/\/www.eeaissy.com\/wp\/message-du-14-04-2019-tous-les-disciples-remplis-de-joie\/"]}]},{"@type":"BreadcrumbList","@id":"https:\/\/www.eeaissy.com\/wp\/message-du-14-04-2019-tous-les-disciples-remplis-de-joie\/#breadcrumb","itemListElement":[{"@type":"ListItem","position":1,"name":"Accueil","item":"https:\/\/www.eeaissy.com\/wp\/"},{"@type":"ListItem","position":2,"name":"Message du 14\/04\/2019 &#8211; Tous les disciples, remplis de joie &#8230;"}]},{"@type":"Person","@id":"https:\/\/www.eeaissy.com\/wp\/#\/schema\/person\/c8a05b6212f790678acb4de318ad4ca1","name":"Jacqueline","image":{"@type":"ImageObject","@id":"https:\/\/www.eeaissy.com\/wp\/#personlogo","inLanguage":"fr-FR","url":"https:\/\/secure.gravatar.com\/avatar\/c4339ba443d8c68ebdfad58d0bbb4a99?s=96&d=mm&r=g","contentUrl":"https:\/\/secure.gravatar.com\/avatar\/c4339ba443d8c68ebdfad58d0bbb4a99?s=96&d=mm&r=g","caption":"Jacqueline"},"url":"https:\/\/www.eeaissy.com\/wp\/author\/jaslanian\/"}]}},"jetpack_featured_media_url":"https:\/\/i0.wp.com\/www.eeaissy.com\/wp\/wp-content\/uploads\/2019\/04\/rameaux1-e1555714354333.jpg?fit=240%2C180&ssl=1","_links":{"self":[{"href":"https:\/\/www.eeaissy.com\/wp\/wp-json\/wp\/v2\/posts\/4404"}],"collection":[{"href":"https:\/\/www.eeaissy.com\/wp\/wp-json\/wp\/v2\/posts"}],"about":[{"href":"https:\/\/www.eeaissy.com\/wp\/wp-json\/wp\/v2\/types\/post"}],"author":[{"embeddable":true,"href":"https:\/\/www.eeaissy.com\/wp\/wp-json\/wp\/v2\/users\/4"}],"replies":[{"embeddable":true,"href":"https:\/\/www.eeaissy.com\/wp\/wp-json\/wp\/v2\/comments?post=4404"}],"version-history":[{"count":2,"href":"https:\/\/www.eeaissy.com\/wp\/wp-json\/wp\/v2\/posts\/4404\/revisions"}],"predecessor-version":[{"id":4408,"href":"https:\/\/www.eeaissy.com\/wp\/wp-json\/wp\/v2\/posts\/4404\/revisions\/4408"}],"wp:featuredmedia":[{"embeddable":true,"href":"https:\/\/www.eeaissy.com\/wp\/wp-json\/wp\/v2\/media\/4405"}],"wp:attachment":[{"href":"https:\/\/www.eeaissy.com\/wp\/wp-json\/wp\/v2\/media?parent=4404"}],"wp:term":[{"taxonomy":"category","embeddable":true,"href":"https:\/\/www.eeaissy.com\/wp\/wp-json\/wp\/v2\/categories?post=4404"},{"taxonomy":"post_tag","embeddable":true,"href":"https:\/\/www.eeaissy.com\/wp\/wp-json\/wp\/v2\/tags?post=4404"}],"curies":[{"name":"wp","href":"https:\/\/api.w.org\/{rel}","templated":true}]}}